{"id":10744,"date":"2017-07-14T09:00:06","date_gmt":"2017-07-14T09:00:06","guid":{"rendered":"http:\/\/icamed.com.br\/clinica-medica\/?p=10744"},"modified":"2017-07-11T19:54:00","modified_gmt":"2017-07-11T19:54:00","slug":"dia-do-homem","status":"publish","type":"post","link":"https:\/\/icamed.com.br\/clinica-medica\/dia-do-homem\/","title":{"rendered":"Dia do Homem"},"content":{"rendered":"<div>\n<div>Em 15 de julho \u00e9 celebrado, no Brasil, o Dia do Homem. Entretanto, essa mesma data \u00e9 comemorada por muitas na\u00e7\u00f5es do exterior aos 19 dias do m\u00eas de novembro. Ambas as datas t\u00eam o prop\u00f3sito de chamar a aten\u00e7\u00e3o da sociedade para problemas e circunst\u00e2ncias que possam atingir, em especial, o sexo masculino. Um exemplo desse tipo de conscientiza\u00e7\u00e3o diz respeito ao c\u00e2ncer de pr\u00f3stata, que atinge grande parcela da popula\u00e7\u00e3o masculina de todo o mundo. Outras doen\u00e7as relacionadas com o uso do tabaco e de bebidas alco\u00f3licas tamb\u00e9m s\u00e3o colocadas em quest\u00e3o na oportunidade desse dia. Cuide da sua sa\u00fade! Marque uma consulta no Icamed!<\/div>\n<\/div>\n<p><a href=\"http:\/\/icamed.com.br\/clinica-medica\/wp-content\/uploads\/2017\/07\/dia-do-homem-icamed.jpg\"><img loading=\"lazy\" class=\" size-full wp-image-10745 aligncenter\" src=\"http:\/\/icamed.com.br\/clinica-medica\/wp-content\/uploads\/2017\/07\/dia-do-homem-icamed.jpg\" alt=\"dia-do-homem-icamed\" width=\"476\" height=\"476\" srcset=\"https:\/\/icamed.com.br\/clinica-medica\/wp-content\/uploads\/2017\/07\/dia-do-homem-icamed.jpg 476w, https:\/\/icamed.com.br\/clinica-medica\/wp-content\/uploads\/2017\/07\/dia-do-homem-icamed-150x150.jpg 150w, https:\/\/icamed.com.br\/clinica-medica\/wp-content\/uploads\/2017\/07\/dia-do-homem-icamed-300x300.jpg 300w\" sizes=\"(max-width: 476px) 100vw, 476px\" \/><\/a><\/p>\n","protected":false},"excerpt":{"rendered":"<p>Em 15 de julho \u00e9 celebrado, no Brasil, o Dia do Homem. Entretanto, essa mesma data \u00e9 comemorada por muitas na\u00e7\u00f5es do exterior aos 19 dias do m\u00eas de novembro. Ambas as datas t\u00eam o prop\u00f3sito de chamar a aten\u00e7\u00e3o da sociedade para problemas e&#8230;<\/p>\n","protected":false},"author":4,"featured_media":10745,"comment_status":"open","ping_status":"open","sticky":false,"template":"","format":"standard","meta":[],"categories":[40],"tags":[161,49,47,51,45],"_links":{"self":[{"href":"https:\/\/icamed.com.br\/clinica-medica\/wp-json\/wp\/v2\/posts\/10744"}],"collection":[{"href":"https:\/\/icamed.com.br\/clinica-medica\/wp-json\/wp\/v2\/posts"}],"about":[{"href":"https:\/\/icamed.com.br\/clinica-medica\/wp-json\/wp\/v2\/types\/post"}],"author":[{"embeddable":true,"href":"https:\/\/icamed.com.br\/clinica-medica\/wp-json\/wp\/v2\/users\/4"}],"replies":[{"embeddable":true,"href":"https:\/\/icamed.com.br\/clinica-medica\/wp-json\/wp\/v2\/comments?post=10744"}],"version-history":[{"count":1,"href":"https:\/\/icamed.com.br\/clinica-medica\/wp-json\/wp\/v2\/posts\/10744\/revisions"}],"predecessor-version":[{"id":10746,"href":"https:\/\/icamed.com.br\/clinica-medica\/wp-json\/wp\/v2\/posts\/10744\/revisions\/10746"}],"wp:featuredmedia":[{"embeddable":true,"href":"https:\/\/icamed.com.br\/clinica-medica\/wp-json\/wp\/v2\/media\/10745"}],"wp:attachment":[{"href":"https:\/\/icamed.com.br\/clinica-medica\/wp-json\/wp\/v2\/media?parent=10744"}],"wp:term":[{"taxonomy":"category","embeddable":true,"href":"https:\/\/icamed.com.br\/clinica-medica\/wp-json\/wp\/v2\/categories?post=10744"},{"taxonomy":"post_tag","embeddable":true,"href":"https:\/\/icamed.com.br\/clinica-medica\/wp-json\/wp\/v2\/tags?post=10744"}],"curies":[{"name":"wp","href":"https:\/\/api.w.org\/{rel}","templated":true}]}}