{"id":10468,"date":"2017-03-16T18:51:04","date_gmt":"2017-03-16T18:51:04","guid":{"rendered":"http:\/\/icamed.com.br\/clinica-medica\/?p=10468"},"modified":"2017-03-28T19:04:00","modified_gmt":"2017-03-28T19:04:00","slug":"parkinson","status":"publish","type":"post","link":"https:\/\/icamed.com.br\/clinica-medica\/parkinson\/","title":{"rendered":"Parkinson"},"content":{"rendered":"<p><span id=\"fbPhotoSnowliftCaption\" class=\"fbPhotosPhotoCaption\" tabindex=\"0\" data-ft=\"{&quot;tn&quot;:&quot;K&quot;}\"><span class=\"hasCaption\">A Dra Vanessa Leal, psiquiatra na cl\u00ednica ICAMED, apresentou sua pesquisa sobre &#8220;Estigma em pacientes com doen\u00e7a de Parkinson com sintomas motores graves e refrat\u00e1rios ao tratamento&#8221;, o primeiro estudo na literatura mundial a abordar o tema em pacientes graves.<\/span><\/span><\/p>\n<p><a href=\"http:\/\/icamed.com.br\/clinica-medica\/wp-content\/uploads\/2017\/03\/17342603_429021277439742_2074708866178490067_n.jpg\"><img loading=\"lazy\" class=\"aligncenter size-medium wp-image-10464\" src=\"http:\/\/icamed.com.br\/clinica-medica\/wp-content\/uploads\/2017\/03\/17342603_429021277439742_2074708866178490067_n-300x300.jpg\" alt=\"17342603_429021277439742_2074708866178490067_n\" width=\"300\" height=\"300\" srcset=\"https:\/\/icamed.com.br\/clinica-medica\/wp-content\/uploads\/2017\/03\/17342603_429021277439742_2074708866178490067_n-300x300.jpg 300w, https:\/\/icamed.com.br\/clinica-medica\/wp-content\/uploads\/2017\/03\/17342603_429021277439742_2074708866178490067_n-150x150.jpg 150w, https:\/\/icamed.com.br\/clinica-medica\/wp-content\/uploads\/2017\/03\/17342603_429021277439742_2074708866178490067_n.jpg 476w\" sizes=\"(max-width: 300px) 100vw, 300px\" \/><\/a><\/p>\n","protected":false},"excerpt":{"rendered":"<p>A Dra Vanessa Leal, psiquiatra na cl\u00ednica ICAMED, apresentou sua pesquisa sobre &#8220;Estigma em pacientes com doen\u00e7a de Parkinson com sintomas motores graves e refrat\u00e1rios ao tratamento&#8221;, o primeiro estudo na literatura mundial a abordar o tema em pacientes graves.<\/p>\n","protected":false},"author":4,"featured_media":10464,"comment_status":"open","ping_status":"open","sticky":false,"template":"","format":"standard","meta":[],"categories":[40],"tags":[60,47,57,42,44,105],"_links":{"self":[{"href":"https:\/\/icamed.com.br\/clinica-medica\/wp-json\/wp\/v2\/posts\/10468"}],"collection":[{"href":"https:\/\/icamed.com.br\/clinica-medica\/wp-json\/wp\/v2\/posts"}],"about":[{"href":"https:\/\/icamed.com.br\/clinica-medica\/wp-json\/wp\/v2\/types\/post"}],"author":[{"embeddable":true,"href":"https:\/\/icamed.com.br\/clinica-medica\/wp-json\/wp\/v2\/users\/4"}],"replies":[{"embeddable":true,"href":"https:\/\/icamed.com.br\/clinica-medica\/wp-json\/wp\/v2\/comments?post=10468"}],"version-history":[{"count":1,"href":"https:\/\/icamed.com.br\/clinica-medica\/wp-json\/wp\/v2\/posts\/10468\/revisions"}],"predecessor-version":[{"id":10469,"href":"https:\/\/icamed.com.br\/clinica-medica\/wp-json\/wp\/v2\/posts\/10468\/revisions\/10469"}],"wp:featuredmedia":[{"embeddable":true,"href":"https:\/\/icamed.com.br\/clinica-medica\/wp-json\/wp\/v2\/media\/10464"}],"wp:attachment":[{"href":"https:\/\/icamed.com.br\/clinica-medica\/wp-json\/wp\/v2\/media?parent=10468"}],"wp:term":[{"taxonomy":"category","embeddable":true,"href":"https:\/\/icamed.com.br\/clinica-medica\/wp-json\/wp\/v2\/categories?post=10468"},{"taxonomy":"post_tag","embeddable":true,"href":"https:\/\/icamed.com.br\/clinica-medica\/wp-json\/wp\/v2\/tags?post=10468"}],"curies":[{"name":"wp","href":"https:\/\/api.w.org\/{rel}","templated":true}]}}